{"id":2898,"date":"2024-10-29T17:25:55","date_gmt":"2024-10-29T17:25:55","guid":{"rendered":"https:\/\/pension-research.is\/?p=2898"},"modified":"2025-02-25T19:53:24","modified_gmt":"2025-02-25T19:53:24","slug":"fyrirlestur-um-lifeyriskerfi-eystrasaltsthjodanna-og-lifeyrisrettindi-theirra-a-islandi","status":"publish","type":"post","link":"https:\/\/pension-research.is\/en\/fyrirlestur-um-lifeyriskerfi-eystrasaltsthjodanna-og-lifeyrisrettindi-theirra-a-islandi\/","title":{"rendered":"PRICE fyrirlestur \u00ed desember um l\u00edfeyriskerfi \u00ed Eystrasaltsr\u00edkjunum og P\u00f3llandi og framt\u00ed\u00f0ar\u00e1form innflytjenda \u00e1 \u00cdslandi."},"content":{"rendered":"<p style=\"text-align: center;\"><strong>Dr. Olga Rekevsla mun hald\u00a0fyrirlestur \u00ed sal \u00dej\u00f3\u00f0minjasafnsins\u00a0 \u00feann 5. desember fr\u00e1 klukkan 14 til 16: <\/strong><\/p>\n<p>&nbsp;<\/p>\n<p style=\"text-align: center;\">Olga Rajevska<\/p>\n<div class=\"elementor-element elementor-element-348f8d24 elementor-widget elementor-widget-theme-post-content\" data-id=\"348f8d24\" data-element_type=\"widget\" data-widget_type=\"theme-post-content.default\">\n<div class=\"elementor-widget-container\">\n<p style=\"text-align: center;\"><strong>\u00a0 \u00a0L\u00edfeyriskerfi \u00ed Eystrasaltsr\u00edkjunum og P\u00f3llandi<\/strong><\/p>\n<p>&nbsp;<\/p>\n<p>Eftir fall komm\u00fanismans voru b\u00fain til l\u00edfeyriskerfi \u00ed P\u00f3llandi og Eystrasaltsr\u00edkjunum \u00feremur a\u00f0 forskrift Al\u00fej\u00f3\u00f0agjaldeyrissj\u00f3\u00f0sins. L\u00f6g\u00f0 var \u00e1hersla \u00e1 sj\u00e1lfb\u00e6rni kerfanna, samtryggingu og \u00feriggja sto\u00f0a skipulag. \u00cd fyrirlestrinum ver\u00f0ur fjalla\u00f0 um \u00fe\u00e1tt lifeyriskerfanna \u00ed f\u00e1t\u00e6kt og \u00f3j\u00f6fnu\u00f0i tekna n\u00fa 30 \u00e1rum s\u00ed\u00f0ar me\u00f0 \u00e1herslu \u00e1 \u00e1hrif b\u00faferlaflutninga en fj\u00f6ldi f\u00f3lks hefur flutt til annarra Evr\u00f3pulanda.\u00a0 H\u00fan mun einnig fjalla um \u00fea\u00f0 hvernig l\u00edfeyrisr\u00e9ttindi flytjast \u00e1 milli landa \u00ed Evr\u00f3pu. A\u00f0 lokum ver\u00f0ur fjalla\u00f0 um l\u00edfeyrisr\u00e9ttindi innflytjenda \u00e1 \u00cdslandi og ni\u00f0urst\u00f6\u00f0ur spurningak\u00f6nnunar um framt\u00ed\u00f0ar\u00e1form innflytjenda fr\u00e1 \u00feessum l\u00f6ndum.<\/p>\n<\/div>\n<p>&nbsp;<\/p>\n<div class=\"elementor-widget-container\">\n<p style=\"text-align: center;\">Fyrirlesturinn er \u00f6llum opinn.<\/p>\n<p>&nbsp;<\/p>\n<\/div>\n<\/div>\n<p>Olga Rajevska er lektor vi\u00f0 Riga Stradins University \u00ed Lettlandi og f\u00e9lagi \u00ed Latvian Research Council og European Social Policy Analysis Network.<\/p>\n<p>&nbsp;<\/p>\n<p style=\"text-align: center;\"><strong><img fetchpriority=\"high\" decoding=\"async\" class=\"alignnone size-medium wp-image-2955\" src=\"https:\/\/pension-research.is\/wp-content\/uploads\/2024\/10\/seminar_05_12-300x169.jpg\" alt=\"\" width=\"300\" height=\"169\" srcset=\"https:\/\/pension-research.is\/wp-content\/uploads\/2024\/10\/seminar_05_12-300x169.jpg 300w, https:\/\/pension-research.is\/wp-content\/uploads\/2024\/10\/seminar_05_12-1024x576.jpg 1024w, https:\/\/pension-research.is\/wp-content\/uploads\/2024\/10\/seminar_05_12-768x432.jpg 768w, https:\/\/pension-research.is\/wp-content\/uploads\/2024\/10\/seminar_05_12-1536x864.jpg 1536w, https:\/\/pension-research.is\/wp-content\/uploads\/2024\/10\/seminar_05_12-2048x1152.jpg 2048w, https:\/\/pension-research.is\/wp-content\/uploads\/2024\/10\/seminar_05_12-18x10.jpg 18w\" sizes=\"(max-width: 300px) 100vw, 300px\" \/><\/strong><\/p>\n<p>Gl\u00e6rur:\u00a0 <strong><a href=\"https:\/\/pension-research.is\/wp-content\/uploads\/2024\/10\/Olga_05_12.pdf\">Olga_05_12<\/a>a<\/strong><\/p>","protected":false},"excerpt":{"rendered":"<p>Dr. Olga Rekevsla mun hald\u00a0fyrirlestur \u00ed sal \u00dej\u00f3\u00f0minjasafnsins\u00a0 \u00feann 5. desember fr\u00e1 klukkan 14 til 16: &nbsp; Olga Rajevska \u00a0 \u00a0L\u00edfeyriskerfi \u00ed Eystrasaltsr\u00edkjunum og P\u00f3llandi &nbsp; Eftir fall komm\u00fanismans voru b\u00fain til l\u00edfeyriskerfi \u00ed P\u00f3llandi og Eystrasaltsr\u00edkjunum \u00feremur a\u00f0 forskrift Al\u00fej\u00f3\u00f0agjaldeyrissj\u00f3\u00f0sins. L\u00f6g\u00f0 var \u00e1hersla \u00e1 sj\u00e1lfb\u00e6rni kerfanna, samtryggingu og \u00feriggja sto\u00f0a skipulag. \u00cd fyrirlestrinum ver\u00f0ur [&hellip;]<\/p>","protected":false},"author":3,"featured_media":2935,"comment_status":"open","ping_status":"open","sticky":false,"template":"","format":"standard","meta":{"_acf_changed":false,"footnotes":""},"categories":[11],"tags":[],"class_list":["post-2898","post","type-post","status-publish","format-standard","has-post-thumbnail","hentry","category-vidburdir","wpbf-post"],"acf":[],"_links":{"self":[{"href":"https:\/\/pension-research.is\/en\/wp-json\/wp\/v2\/posts\/2898","targetHints":{"allow":["GET"]}}],"collection":[{"href":"https:\/\/pension-research.is\/en\/wp-json\/wp\/v2\/posts"}],"about":[{"href":"https:\/\/pension-research.is\/en\/wp-json\/wp\/v2\/types\/post"}],"author":[{"embeddable":true,"href":"https:\/\/pension-research.is\/en\/wp-json\/wp\/v2\/users\/3"}],"replies":[{"embeddable":true,"href":"https:\/\/pension-research.is\/en\/wp-json\/wp\/v2\/comments?post=2898"}],"version-history":[{"count":26,"href":"https:\/\/pension-research.is\/en\/wp-json\/wp\/v2\/posts\/2898\/revisions"}],"predecessor-version":[{"id":3025,"href":"https:\/\/pension-research.is\/en\/wp-json\/wp\/v2\/posts\/2898\/revisions\/3025"}],"wp:featuredmedia":[{"embeddable":true,"href":"https:\/\/pension-research.is\/en\/wp-json\/wp\/v2\/media\/2935"}],"wp:attachment":[{"href":"https:\/\/pension-research.is\/en\/wp-json\/wp\/v2\/media?parent=2898"}],"wp:term":[{"taxonomy":"category","embeddable":true,"href":"https:\/\/pension-research.is\/en\/wp-json\/wp\/v2\/categories?post=2898"},{"taxonomy":"post_tag","embeddable":true,"href":"https:\/\/pension-research.is\/en\/wp-json\/wp\/v2\/tags?post=2898"}],"curies":[{"name":"wp","href":"https:\/\/api.w.org\/{rel}","templated":true}]}}